{"id":31614,"date":"2024-10-10T08:58:14","date_gmt":"2024-10-10T06:58:14","guid":{"rendered":"https:\/\/www.pag-outdoor.com\/?p=31614"},"modified":"2024-10-10T09:03:51","modified_gmt":"2024-10-10T07:03:51","slug":"novalja-kandidat-za-prestiznu-titulu-europskog-grada-sporta-2025","status":"publish","type":"post","link":"https:\/\/www.pag-outdoor.com\/pl\/novalja-kandidat-za-prestiznu-titulu-europskog-grada-sporta-2025\/","title":{"rendered":"Novalja kandidat za presti\u017enu titulu Europskog grada sporta 2025."},"content":{"rendered":"<p><img fetchpriority=\"high\" decoding=\"async\" class=\"alignnone wp-image-31617\" src=\"https:\/\/www.pag-outdoor.com\/wp-content\/uploads\/2024\/10\/Novalja_grad_sporta_1-300x169.jpg\" alt=\"\" width=\"566\" height=\"319\" srcset=\"https:\/\/www.pag-outdoor.com\/wp-content\/uploads\/2024\/10\/Novalja_grad_sporta_1-300x169.jpg 300w, https:\/\/www.pag-outdoor.com\/wp-content\/uploads\/2024\/10\/Novalja_grad_sporta_1-1024x576.jpg 1024w, https:\/\/www.pag-outdoor.com\/wp-content\/uploads\/2024\/10\/Novalja_grad_sporta_1-768x432.jpg 768w, https:\/\/www.pag-outdoor.com\/wp-content\/uploads\/2024\/10\/Novalja_grad_sporta_1-1536x864.jpg 1536w, https:\/\/www.pag-outdoor.com\/wp-content\/uploads\/2024\/10\/Novalja_grad_sporta_1-18x10.jpg 18w, https:\/\/www.pag-outdoor.com\/wp-content\/uploads\/2024\/10\/Novalja_grad_sporta_1.jpg 1920w\" sizes=\"(max-width: 566px) 100vw, 566px\" \/><\/p>\n<p><strong><em>Novalja se kandidirala za presti\u017enu titulu Europskog grada sporta 2025., a tim Europske komisije odu\u0161evljen je prezentacijom. Odluka \u0107e biti poznata krajem studenog.<\/em><\/strong><\/p>\n<p>Novalja je prepoznatljiva kao \u201egrad sporta\u201c stoga je titula Europskog grada sporta vrlo izvjesna. Osim sjajne turisti\u010dke ponude, tu je veliki broj sportskih udruga i klubova, sportskih manifestacija i me\u0111unarodnih natjecanja, profesionalnih i rekreativnih sporta\u0161a, razvijena sportska infrastruktura te mnogo budu\u0107ih sadr\u017eajnih investicijskih projekata na podru\u010dju sporta.<\/p>\n<p><img decoding=\"async\" class=\"alignnone  wp-image-31620\" src=\"https:\/\/www.pag-outdoor.com\/wp-content\/uploads\/2024\/10\/Novalja_grad_sporta_3-300x200.jpg\" alt=\"\" width=\"566\" height=\"377\" srcset=\"https:\/\/www.pag-outdoor.com\/wp-content\/uploads\/2024\/10\/Novalja_grad_sporta_3-300x200.jpg 300w, https:\/\/www.pag-outdoor.com\/wp-content\/uploads\/2024\/10\/Novalja_grad_sporta_3-768x512.jpg 768w, https:\/\/www.pag-outdoor.com\/wp-content\/uploads\/2024\/10\/Novalja_grad_sporta_3-18x12.jpg 18w, https:\/\/www.pag-outdoor.com\/wp-content\/uploads\/2024\/10\/Novalja_grad_sporta_3.jpg 1000w\" sizes=\"(max-width: 566px) 100vw, 566px\" \/><\/p>\n<p>Upravo iz navedenih razloga <strong>Novalja se kandidirala za Europski grad sporta 2025., <\/strong>presti\u017enu titulu koju dodjeljuje europska neprofitna organizacija <strong>ACES Europe<\/strong> sa sjedi\u0161tem u Bruxellesu. \u010cetvero\u010dlana Komisija od 1.-3. listopada 2024. boravila je u Novalji, razgledala sportsku infrastrukturu, upoznala se s radom novaljskih udruga i klubova te prisustvovala prezentaciji koju je Grad Novalja pripremio ovim povodom. O kandidaturi su govorili gradona\u010delnik Ivan Dabo, direktorica Turisti\u010dke zajednice grada Novalje Marina \u0160\u0107iran te predsjednik europska neprofitne organizacije ACES Europe <strong>Gian Francesco Lupatteli<\/strong>, na konferenciji za novinare odr\u017eanoj u<a href=\"https:\/\/www.hotelolea.com\/\" target=\"_blank\" rel=\"noopener\"> konferencijskoj dvorani hotela Olea.<\/a><\/p>\n<p><img decoding=\"async\" class=\"alignnone  wp-image-31625\" src=\"https:\/\/www.pag-outdoor.com\/wp-content\/uploads\/2024\/10\/Novalja_grad_sporta_6-300x200.jpg\" alt=\"\" width=\"569\" height=\"379\" srcset=\"https:\/\/www.pag-outdoor.com\/wp-content\/uploads\/2024\/10\/Novalja_grad_sporta_6-300x200.jpg 300w, https:\/\/www.pag-outdoor.com\/wp-content\/uploads\/2024\/10\/Novalja_grad_sporta_6-768x512.jpg 768w, https:\/\/www.pag-outdoor.com\/wp-content\/uploads\/2024\/10\/Novalja_grad_sporta_6-18x12.jpg 18w, https:\/\/www.pag-outdoor.com\/wp-content\/uploads\/2024\/10\/Novalja_grad_sporta_6.jpg 1000w\" sizes=\"(max-width: 569px) 100vw, 569px\" \/><\/p>\n<p>\u201cKandidatura Novalje kao Europskog grada sporta predstavlja za nas iznimnu priliku i \u010dast. Vidimo ju kao priznanje za na\u0161a dosada\u0161nja postignu\u0107a, ali i motivaciju u daljnjem razvoju sporta i sportskih aktivnosti koje bi unaprijedile na\u0161u zajednicu i sportski \u017eivot gra\u0111ana. Vjerujemo da pored svih aktivnosti sportske infrastrukture i velik broj poznatih sporta\u0161a ovdje u Novalji, zaista mo\u017eemo konkurirati. Tu je <strong>Abaz Arslanagi\u0107, Maida Arslanagi\u0107, Hrvoje Horvat, \u0160undov, Aleksandar Petrovi\u0107<\/strong> tako\u0111er puno vremena provodi ovdje, predsjednik Hrvatskog nogometnog saveza <strong>Marijan Kusti\u0107 <\/strong>je iz Novalje, a svoj ku\u0107u tu ima i <strong>Zlatko Dali\u0107.<\/strong> Novalja je jedna filozofija \u017eivljenja sa sportom, po vokaciji smo sportska sredina, a u proteklih 20 godina uspjeli smo napraviti kvalitetne sportske objekte i infrastrukturu\u201d, istaknuo je gradona\u010delnik <strong>Ivan Dabo.<\/strong><\/p>\n<p>\u201cKada imate svoj cilj i desetak godina radite na njemu, gradite ga, ula\u017eete u razli\u010dite vidove sporta i kada vas potvrdi Europska komisija koja vam daje jo\u0161 i dodatni me\u0111unarodni zna\u010daj, onda to zna\u010di da idemo u dobrom smjeru. To su ujedno i na\u010dini za promociju Novalje kao sportske destinacije te privla\u010denje velikih sportskih evenata poput <a href=\"https:\/\/skitnice.hr\/cro-race-novalja-odaslala-predivne-kadrove-u-svijet\/\" target=\"_blank\" rel=\"noopener\">CRO Race utrke<\/a> u kojoj smo jedan od gradova doma\u0107ina ve\u0107 drugu godinu zaredom. Mogu re\u0107i da smo kroz nekoliko godina, pogotovo razvoja outdoora u Novalji ali i na cijelom otoku Pagu pokrenuli jedan trend zdravog na\u010dina \u017eivota me\u0111u na\u0161im stanovnicima. Upravo na taj na\u010din postajemo najbolji promotori svoje destinacije pokazuju\u0107i kako se kvalitetno \u017eivi. Ovo priznanje bilo bi dodatni iskorak koji bi oja\u010dao ponudu i pozicioniranje outdoor turizma smje\u0161ten u jedinstveni ambijent protkan ljepotom otoka\u201d, istaknula je diretorica Turisti\u010dke zajednice Grada Novalje <strong>Marina \u0160\u0107iran.<\/strong><\/p>\n<p><strong> <img loading=\"lazy\" decoding=\"async\" class=\"alignnone  wp-image-31619\" src=\"https:\/\/www.pag-outdoor.com\/wp-content\/uploads\/2024\/10\/Novalja_grad_sporta_4-300x200.jpg\" alt=\"\" width=\"578\" height=\"385\" srcset=\"https:\/\/www.pag-outdoor.com\/wp-content\/uploads\/2024\/10\/Novalja_grad_sporta_4-300x200.jpg 300w, https:\/\/www.pag-outdoor.com\/wp-content\/uploads\/2024\/10\/Novalja_grad_sporta_4-768x512.jpg 768w, https:\/\/www.pag-outdoor.com\/wp-content\/uploads\/2024\/10\/Novalja_grad_sporta_4-18x12.jpg 18w, https:\/\/www.pag-outdoor.com\/wp-content\/uploads\/2024\/10\/Novalja_grad_sporta_4.jpg 1000w\" sizes=\"(max-width: 578px) 100vw, 578px\" \/><\/strong><\/p>\n<p>Predsjednik <a href=\"https:\/\/aceseurope.eu\/\" target=\"_blank\" rel=\"noopener\">ACES Europe<\/a>, <strong>Gian Francesco Lupatteli <\/strong>naglasio je da je njima kao udru\u017eenju na prvom mjestu zdravlje te da se stanovnici Novalje i otoka \u0161to vi\u0161e bave sportom i rekreacijom, jer je takav na\u010din \u017eivota zdrav, mo\u017ee prevenirati i lije\u010diti niz bolesti.<\/p>\n<p>\u201cOdu\u0161evljeni smo Novaljom i prezentacijom kojom se kandidira. Novalja je predivan, mali grad s velikim potencijalom posebno u segmentu sportskog turizma i outdoor aktivnosti. U svakom slu\u010daju mogu re\u0107i da smo pozitivni glede kandidature i budu\u0107nosti sporta u ovom gradu. Gradona\u010delnik Dabo i njegov tim proveo je s nama tri dana, upoznao nas sa sportskim aktivnostima u Novalji i mogu re\u0107i da rade sjajan posao\u201d, istaknuo je <strong>Granit Rugova,<\/strong> \u010dlan ocjenjiva\u010dke komisije ACES Europe.<\/p>\n<p><strong> <img loading=\"lazy\" decoding=\"async\" class=\"alignnone  wp-image-31618\" src=\"https:\/\/www.pag-outdoor.com\/wp-content\/uploads\/2024\/10\/Novalja_grad_sporta_5-300x200.jpg\" alt=\"\" width=\"587\" height=\"391\" srcset=\"https:\/\/www.pag-outdoor.com\/wp-content\/uploads\/2024\/10\/Novalja_grad_sporta_5-300x200.jpg 300w, https:\/\/www.pag-outdoor.com\/wp-content\/uploads\/2024\/10\/Novalja_grad_sporta_5-768x512.jpg 768w, https:\/\/www.pag-outdoor.com\/wp-content\/uploads\/2024\/10\/Novalja_grad_sporta_5-18x12.jpg 18w, https:\/\/www.pag-outdoor.com\/wp-content\/uploads\/2024\/10\/Novalja_grad_sporta_5.jpg 1000w\" sizes=\"(max-width: 587px) 100vw, 587px\" \/><\/strong><\/p>\n<p>Nagrada se dodjeljuje u tri kategorije, od kojih veliki gradovi iznad 500.000 stanovnika, srednji od 25.000 do 500.000 stanovnika te mali gradovi s manje od 25.000 stanovnika, kojoj pripada i Novalja. Kriteriji za dobivanje titule su sportska infrastruktura, programi rekreacije i sporta namijenjeni gra\u0111anima svih dobi i uzrasta, poticanje na bavljenje sportom, iskustvo organizacije presti\u017enih me\u0111unarodnih sportskih natjecanja, organizacija natjecateljskog sporta i klubova, te financiranje sporta.\u00a0Odluka Komisije za 2025. trebala bi biti poznata krajem studenog, a slu\u017ebeno progla\u0161enje odr\u017eat \u0107e se u prosincu 2024. godine u Europskom parlamentu.<\/p>","protected":false},"excerpt":{"rendered":"<p>Novalja se kandidirala za presti\u017enu titulu Europskog grada sporta 2025., a tim Europske komisije odu\u0161evljen je prezentacijom. Odluka \u0107e biti poznata krajem studenog. Novalja je prepoznatljiva kao \u201egrad sporta\u201c stoga je titula Europskog grada sporta vrlo izvjesna. Osim sjajne turisti\u010dke ponude, tu je veliki broj sportskih udruga i klubova, sportskih manifestacija i me\u0111unarodnih natjecanja, profesionalnih [&hellip;]<\/p>\n","protected":false},"author":2,"featured_media":31617,"comment_status":"closed","ping_status":"closed","sticky":false,"template":"","format":"standard","meta":{"inline_featured_image":false,"site-sidebar-layout":"default","site-content-layout":"","ast-site-content-layout":"default","site-content-style":"default","site-sidebar-style":"default","ast-global-header-display":"","ast-banner-title-visibility":"","ast-main-header-display":"","ast-hfb-above-header-display":"","ast-hfb-below-header-display":"","ast-hfb-mobile-header-display":"","site-post-title":"","ast-breadcrumbs-content":"","ast-featured-img":"","footer-sml-layout":"","ast-disable-related-posts":"","theme-transparent-header-meta":"default","adv-header-id-meta":"","stick-header-meta":"default","header-above-stick-meta":"","header-main-stick-meta":"","header-below-stick-meta":"","astra-migrate-meta-layouts":"set","ast-page-background-enabled":"default","ast-page-background-meta":{"desktop":{"background-color":"","background-image":"","background-repeat":"repeat","background-position":"center center","background-size":"auto","background-attachment":"scroll","background-type":"","background-media":"","overlay-type":"","overlay-color":"","overlay-opacity":"","overlay-gradient":""},"tablet":{"background-color":"","background-image":"","background-repeat":"repeat","background-position":"center center","background-size":"auto","background-attachment":"scroll","background-type":"","background-media":"","overlay-type":"","overlay-color":"","overlay-opacity":"","overlay-gradient":""},"mobile":{"background-color":"","background-image":"","background-repeat":"repeat","background-position":"center center","background-size":"auto","background-attachment":"scroll","background-type":"","background-media":"","overlay-type":"","overlay-color":"","overlay-opacity":"","overlay-gradient":""}},"ast-content-background-meta":{"desktop":{"background-color":"var(--ast-global-color-5)","background-image":"","background-repeat":"repeat","background-position":"center center","background-size":"auto","background-attachment":"scroll","background-type":"","background-media":"","overlay-type":"","overlay-color":"","overlay-opacity":"","overlay-gradient":""},"tablet":{"background-color":"var(--ast-global-color-5)","background-image":"","background-repeat":"repeat","background-position":"center center","background-size":"auto","background-attachment":"scroll","background-type":"","background-media":"","overlay-type":"","overlay-color":"","overlay-opacity":"","overlay-gradient":""},"mobile":{"background-color":"var(--ast-global-color-5)","background-image":"","background-repeat":"repeat","background-position":"center center","background-size":"auto","background-attachment":"scroll","background-type":"","background-media":"","overlay-type":"","overlay-color":"","overlay-opacity":"","overlay-gradient":""}},"footnotes":""},"categories":[74,109,1],"tags":[],"class_list":["post-31614","post","type-post","status-publish","format-standard","has-post-thumbnail","hentry","category-novalja","category-press","category-uncategorized"],"_links":{"self":[{"href":"https:\/\/www.pag-outdoor.com\/pl\/wp-json\/wp\/v2\/posts\/31614","targetHints":{"allow":["GET"]}}],"collection":[{"href":"https:\/\/www.pag-outdoor.com\/pl\/wp-json\/wp\/v2\/posts"}],"about":[{"href":"https:\/\/www.pag-outdoor.com\/pl\/wp-json\/wp\/v2\/types\/post"}],"author":[{"embeddable":true,"href":"https:\/\/www.pag-outdoor.com\/pl\/wp-json\/wp\/v2\/users\/2"}],"replies":[{"embeddable":true,"href":"https:\/\/www.pag-outdoor.com\/pl\/wp-json\/wp\/v2\/comments?post=31614"}],"version-history":[{"count":0,"href":"https:\/\/www.pag-outdoor.com\/pl\/wp-json\/wp\/v2\/posts\/31614\/revisions"}],"wp:featuredmedia":[{"embeddable":true,"href":"https:\/\/www.pag-outdoor.com\/pl\/wp-json\/wp\/v2\/media\/31617"}],"wp:attachment":[{"href":"https:\/\/www.pag-outdoor.com\/pl\/wp-json\/wp\/v2\/media?parent=31614"}],"wp:term":[{"taxonomy":"category","embeddable":true,"href":"https:\/\/www.pag-outdoor.com\/pl\/wp-json\/wp\/v2\/categories?post=31614"},{"taxonomy":"post_tag","embeddable":true,"href":"https:\/\/www.pag-outdoor.com\/pl\/wp-json\/wp\/v2\/tags?post=31614"}],"curies":[{"name":"wp","href":"https:\/\/api.w.org\/{rel}","templated":true}]}}